{"id":735,"date":"2019-02-20T02:32:01","date_gmt":"2019-02-19T19:32:01","guid":{"rendered":"https:\/\/loretovietnam.org\/?p=735"},"modified":"2020-09-04T09:27:00","modified_gmt":"2020-09-04T02:27:00","slug":"celebrate-the-world-day-of-social-justice-on-20-february","status":"publish","type":"post","link":"https:\/\/loretovietnam.org\/vi\/2019\/02\/20\/celebrate-the-world-day-of-social-justice-on-20-february\/","title":{"rendered":"K\u1ef7 ni\u1ec7m Ng\u00e0y Th\u1ebf gi\u1edbi C\u00f4ng b\u1eb1ng X\u00e3 h\u1ed9i v\u00e0o ng\u00e0y 20 th\u00e1ng Hai."},"content":{"rendered":"<p><\/p>\n\n\n<\/p>\n<figure class=\"wp-block-image size-large\"><img loading=\"lazy\" decoding=\"async\" class=\"alignnone wp-image-2110 size-full\" src=\"https:\/\/loretovietnam.org\/wp-content\/uploads\/2019\/02\/SJ.jpg\" alt=\"\" width=\"900\" height=\"600\" srcset=\"https:\/\/loretovietnam.org\/wp-content\/uploads\/2019\/02\/SJ.jpg 900w, https:\/\/loretovietnam.org\/wp-content\/uploads\/2019\/02\/SJ-510x340.jpg 510w, https:\/\/loretovietnam.org\/wp-content\/uploads\/2019\/02\/SJ-768x512.jpg 768w\" sizes=\"auto, (max-width: 900px) 100vw, 900px\" \/><\/figure>\n<p>\n\n\n<p><\/p>\n\n\n<\/p>\n<p>\n\n\n<p><\/p>\n\n\n<\/p>\n<h2 class=\"wp-block-heading\">\u00a0 \u00a0<br \/>Ng\u00e0y qu\u1ed1c t\u1ebf v\u1ec1 c\u00f4ng b\u1eb1ng x\u00e3 h\u1ed9i<\/h2>\n<p>\n\n\n<p><\/p>\n<p>H\u00e3y c\u00f9ng ch\u00e0o m\u1eebng v\u00e0 k\u1ef7 ni\u1ec7m Ng\u00e0y qu\u1ed1c t\u1ebf v\u1ec1 C\u00f4ng b\u1eb1ng X\u00e3 h\u1ed9i v\u00e0o 20 th\u00e1ng Hai!<\/p>\n<p>Theo Li\u00ean hi\u1ec7p qu\u1ed1c, \u201cc\u00f4ng b\u1eb1ng x\u00e3 h\u1ed9i l\u00e0 nguy\u00ean t\u1eafc c\u01a1 b\u1ea3n \u0111\u1ec3 c\u00f9ng t\u1ed3n t\u1ea1i h\u00f2a b\u00ecnh v\u00e0 th\u1ecbnh v\u01b0\u1ee3ng trong m\u1ed9t qu\u1ed1c gia v\u00e0 gi\u1eefa c\u00e1c qu\u1ed1c gia v\u1edbi nhau. Ch\u00fang t\u00f4i \u0111\u1ec1 cao c\u00e1c nguy\u00ean t\u1eafc c\u00f4ng b\u1eb1ng x\u00e3 h\u1ed9i trong th\u00fac \u0111\u1ea9y b\u00ecnh \u0111\u1eb3ng gi\u1edbi, quy\u1ec1n c\u1ee7a ng\u01b0\u1eddi b\u1ea3n \u0111\u1ecba v\u00e0 ng\u01b0\u1eddi di c\u01b0. Ch\u00fang t\u00f4i th\u00fac \u0111\u1ea9y c\u00f4ng b\u1eb1ng x\u00e3 h\u1ed9i th\u00f4ng qua x\u00f3a b\u1ecf c\u00e1c r\u00e0o c\u1ea3n gi\u1edbi t\u00ednh, tu\u1ed5i t\u00e1c, ch\u1ee7ng t\u1ed9c, d\u00e2n t\u1ed9c, t\u00f4n gi\u00e1o, v\u0103n h\u00f3a v\u00e0 nh\u1eefng khi\u1ebfm khuy\u1ebft.\u201d<\/p>\n<p>T\u1ea1i Loreto Vietnam, ch\u00fang t\u00f4i th\u1ef1c hi\u1ec7n c\u00f4ng b\u1eb1ng x\u00e3 h\u1ed9i th\u00f4ng qua n\u1ed7 l\u1ef1c h\u1ebft m\u00ecnh v\u1edbi c\u1ea3 tr\u00e1i tim v\u00e0 kh\u1ed1i \u00f3c \u0111\u1ec3 mang l\u1ea1i c\u01a1 h\u1ed9i gi\u00e1o d\u1ee5c b\u00ecnh \u0111\u1eb3ng cho t\u1ea5t c\u1ea3 m\u1ecdi ng\u01b0\u1eddi. Ch\u00fang t\u00f4i hy v\u1ecdng v\u1edbi n\u1ec1n gi\u00e1o d\u1ee5c ch\u1ea5t l\u01b0\u1ee3ng, con c\u00e1i ch\u00fang ta c\u00f3 th\u1ec3 l\u1edbn l\u00ean v\u1edbi cu\u1ed9c s\u1ed1ng t\u1ed1t h\u01a1n v\u00e0 c\u00f3 nh\u1eefng c\u01a1 h\u1ed9i t\u1ed1t h\u01a1n. V\u00e0 quan tr\u1ecdng h\u01a1n, c\u00e1c con s\u1ebd tr\u1edf th\u00e0nh l\u1ef1c l\u01b0\u1ee3ng n\u00f2ng c\u1ed1t b\u1ea3o v\u1ec7 v\u00e0 th\u00fac \u0111\u1ea9y c\u00f4ng b\u1eb1ng x\u00e3 h\u1ed9i cho t\u01b0\u01a1ng lai t\u01b0\u01a1i s\u00e1ng s\u1eafp t\u1edbi.<\/p>","protected":false},"excerpt":{"rendered":"<p>H\u00e3y c\u00f9ng ch\u00e0o m\u1eebng v\u00e0 k\u1ef7 ni\u1ec7m Ng\u00e0y qu\u1ed1c t\u1ebf v\u1ec1 C\u00f4ng b\u1eb1ng X\u00e3 h\u1ed9i v\u00e0o 20 th\u00e1ng Hai!<\/p>","protected":false},"author":1,"featured_media":2147,"comment_status":"closed","ping_status":"open","sticky":false,"template":"","format":"standard","meta":{"_exactmetrics_skip_tracking":false,"_exactmetrics_sitenote_active":false,"_exactmetrics_sitenote_note":"","_exactmetrics_sitenote_category":0,"footnotes":""},"categories":[16],"tags":[],"class_list":["post-735","post","type-post","status-publish","format-standard","has-post-thumbnail","hentry","category-news"],"yoast_head":"<!-- This site is optimized with the Yoast SEO plugin v27.5 - https:\/\/yoast.com\/product\/yoast-seo-wordpress\/ -->\n<title>Celebrate the World Day of Social Justice on 20 February. - Loreto Vietnam<\/title>\n<meta name=\"robots\" content=\"index, follow, max-snippet:-1, max-image-preview:large, max-video-preview:-1\" \/>\n<link rel=\"canonical\" href=\"https:\/\/loretovietnam.org\/vi\/2019\/02\/20\/celebrate-the-world-day-of-social-justice-on-20-february\/\" \/>\n<meta property=\"og:locale\" content=\"vi_VN\" \/>\n<meta property=\"og:type\" content=\"article\" \/>\n<meta property=\"og:title\" content=\"Celebrate the World Day of Social Justice on 20 February. - Loreto Vietnam\" \/>\n<meta property=\"og:description\" content=\"Let\u2019s welcome and celebrate the World Day of Social Justice on 20 February!\" \/>\n<meta property=\"og:url\" content=\"https:\/\/loretovietnam.org\/vi\/2019\/02\/20\/celebrate-the-world-day-of-social-justice-on-20-february\/\" \/>\n<meta property=\"og:site_name\" content=\"Loreto Vietnam\" \/>\n<meta property=\"article:published_time\" content=\"2019-02-19T19:32:01+00:00\" \/>\n<meta property=\"article:modified_time\" content=\"2020-09-04T02:27:00+00:00\" \/>\n<meta property=\"og:image\" content=\"https:\/\/loretovietnam.org\/wp-content\/uploads\/2020\/09\/image.jpeg\" \/>\n\t<meta property=\"og:image:width\" content=\"510\" \/>\n\t<meta property=\"og:image:height\" content=\"340\" \/>\n\t<meta property=\"og:image:type\" content=\"image\/jpeg\" \/>\n<meta name=\"author\" content=\"loreto\" \/>\n<meta name=\"twitter:card\" content=\"summary_large_image\" \/>\n<meta name=\"twitter:label1\" content=\"\u0110\u01b0\u1ee3c vi\u1ebft b\u1edfi\" \/>\n\t<meta name=\"twitter:data1\" content=\"loreto\" \/>\n\t<meta name=\"twitter:label2\" content=\"\u01af\u1edbc t\u00ednh th\u1eddi gian \u0111\u1ecdc\" \/>\n\t<meta name=\"twitter:data2\" content=\"1 ph\u00fat\" \/>\n<script type=\"application\/ld+json\" class=\"yoast-schema-graph\">{\"@context\":\"https:\\\/\\\/schema.org\",\"@graph\":[{\"@type\":\"Article\",\"@id\":\"https:\\\/\\\/loretovietnam.org\\\/2019\\\/02\\\/20\\\/celebrate-the-world-day-of-social-justice-on-20-february\\\/#article\",\"isPartOf\":{\"@id\":\"https:\\\/\\\/loretovietnam.org\\\/2019\\\/02\\\/20\\\/celebrate-the-world-day-of-social-justice-on-20-february\\\/\"},\"author\":{\"name\":\"loreto\",\"@id\":\"https:\\\/\\\/loretovietnam.org\\\/#\\\/schema\\\/person\\\/bf6363d7e7ff05789a0428f6eb21fe7d\"},\"headline\":\"Celebrate the World Day of Social Justice on 20 February.\",\"datePublished\":\"2019-02-19T19:32:01+00:00\",\"dateModified\":\"2020-09-04T02:27:00+00:00\",\"mainEntityOfPage\":{\"@id\":\"https:\\\/\\\/loretovietnam.org\\\/2019\\\/02\\\/20\\\/celebrate-the-world-day-of-social-justice-on-20-february\\\/\"},\"wordCount\":127,\"image\":{\"@id\":\"https:\\\/\\\/loretovietnam.org\\\/2019\\\/02\\\/20\\\/celebrate-the-world-day-of-social-justice-on-20-february\\\/#primaryimage\"},\"thumbnailUrl\":\"https:\\\/\\\/loretovietnam.org\\\/wp-content\\\/uploads\\\/2020\\\/09\\\/image.jpeg\",\"articleSection\":[\"News\"],\"inLanguage\":\"vi\"},{\"@type\":\"WebPage\",\"@id\":\"https:\\\/\\\/loretovietnam.org\\\/2019\\\/02\\\/20\\\/celebrate-the-world-day-of-social-justice-on-20-february\\\/\",\"url\":\"https:\\\/\\\/loretovietnam.org\\\/2019\\\/02\\\/20\\\/celebrate-the-world-day-of-social-justice-on-20-february\\\/\",\"name\":\"Celebrate the World Day of Social Justice on 20 February. - Loreto Vietnam\",\"isPartOf\":{\"@id\":\"https:\\\/\\\/loretovietnam.org\\\/#website\"},\"primaryImageOfPage\":{\"@id\":\"https:\\\/\\\/loretovietnam.org\\\/2019\\\/02\\\/20\\\/celebrate-the-world-day-of-social-justice-on-20-february\\\/#primaryimage\"},\"image\":{\"@id\":\"https:\\\/\\\/loretovietnam.org\\\/2019\\\/02\\\/20\\\/celebrate-the-world-day-of-social-justice-on-20-february\\\/#primaryimage\"},\"thumbnailUrl\":\"https:\\\/\\\/loretovietnam.org\\\/wp-content\\\/uploads\\\/2020\\\/09\\\/image.jpeg\",\"datePublished\":\"2019-02-19T19:32:01+00:00\",\"dateModified\":\"2020-09-04T02:27:00+00:00\",\"author\":{\"@id\":\"https:\\\/\\\/loretovietnam.org\\\/#\\\/schema\\\/person\\\/bf6363d7e7ff05789a0428f6eb21fe7d\"},\"breadcrumb\":{\"@id\":\"https:\\\/\\\/loretovietnam.org\\\/2019\\\/02\\\/20\\\/celebrate-the-world-day-of-social-justice-on-20-february\\\/#breadcrumb\"},\"inLanguage\":\"vi\",\"potentialAction\":[{\"@type\":\"ReadAction\",\"target\":[\"https:\\\/\\\/loretovietnam.org\\\/2019\\\/02\\\/20\\\/celebrate-the-world-day-of-social-justice-on-20-february\\\/\"]}]},{\"@type\":\"ImageObject\",\"inLanguage\":\"vi\",\"@id\":\"https:\\\/\\\/loretovietnam.org\\\/2019\\\/02\\\/20\\\/celebrate-the-world-day-of-social-justice-on-20-february\\\/#primaryimage\",\"url\":\"https:\\\/\\\/loretovietnam.org\\\/wp-content\\\/uploads\\\/2020\\\/09\\\/image.jpeg\",\"contentUrl\":\"https:\\\/\\\/loretovietnam.org\\\/wp-content\\\/uploads\\\/2020\\\/09\\\/image.jpeg\",\"width\":510,\"height\":340},{\"@type\":\"BreadcrumbList\",\"@id\":\"https:\\\/\\\/loretovietnam.org\\\/2019\\\/02\\\/20\\\/celebrate-the-world-day-of-social-justice-on-20-february\\\/#breadcrumb\",\"itemListElement\":[{\"@type\":\"ListItem\",\"position\":1,\"name\":\"Home\",\"item\":\"https:\\\/\\\/loretovietnam.org\\\/\"},{\"@type\":\"ListItem\",\"position\":2,\"name\":\"Celebrate the World Day of Social Justice on 20 February.\"}]},{\"@type\":\"WebSite\",\"@id\":\"https:\\\/\\\/loretovietnam.org\\\/#website\",\"url\":\"https:\\\/\\\/loretovietnam.org\\\/\",\"name\":\"Loreto Vietnam\",\"description\":\"\",\"potentialAction\":[{\"@type\":\"SearchAction\",\"target\":{\"@type\":\"EntryPoint\",\"urlTemplate\":\"https:\\\/\\\/loretovietnam.org\\\/?s={search_term_string}\"},\"query-input\":{\"@type\":\"PropertyValueSpecification\",\"valueRequired\":true,\"valueName\":\"search_term_string\"}}],\"inLanguage\":\"vi\"},{\"@type\":\"Person\",\"@id\":\"https:\\\/\\\/loretovietnam.org\\\/#\\\/schema\\\/person\\\/bf6363d7e7ff05789a0428f6eb21fe7d\",\"name\":\"loreto\",\"description\":\"Loreto2017\",\"url\":\"https:\\\/\\\/loretovietnam.org\\\/vi\\\/author\\\/loreto\\\/\"}]}<\/script>\n<!-- \/ Yoast SEO plugin. -->","yoast_head_json":{"title":"Celebrate the World Day of Social Justice on 20 February. - Loreto Vietnam","robots":{"index":"index","follow":"follow","max-snippet":"max-snippet:-1","max-image-preview":"max-image-preview:large","max-video-preview":"max-video-preview:-1"},"canonical":"https:\/\/loretovietnam.org\/vi\/2019\/02\/20\/celebrate-the-world-day-of-social-justice-on-20-february\/","og_locale":"vi_VN","og_type":"article","og_title":"Celebrate the World Day of Social Justice on 20 February. - Loreto Vietnam","og_description":"Let\u2019s welcome and celebrate the World Day of Social Justice on 20 February!","og_url":"https:\/\/loretovietnam.org\/vi\/2019\/02\/20\/celebrate-the-world-day-of-social-justice-on-20-february\/","og_site_name":"Loreto Vietnam","article_published_time":"2019-02-19T19:32:01+00:00","article_modified_time":"2020-09-04T02:27:00+00:00","og_image":[{"width":510,"height":340,"url":"https:\/\/loretovietnam.org\/wp-content\/uploads\/2020\/09\/image.jpeg","type":"image\/jpeg"}],"author":"loreto","twitter_card":"summary_large_image","twitter_misc":{"\u0110\u01b0\u1ee3c vi\u1ebft b\u1edfi":"loreto","\u01af\u1edbc t\u00ednh th\u1eddi gian \u0111\u1ecdc":"1 ph\u00fat"},"schema":{"@context":"https:\/\/schema.org","@graph":[{"@type":"Article","@id":"https:\/\/loretovietnam.org\/2019\/02\/20\/celebrate-the-world-day-of-social-justice-on-20-february\/#article","isPartOf":{"@id":"https:\/\/loretovietnam.org\/2019\/02\/20\/celebrate-the-world-day-of-social-justice-on-20-february\/"},"author":{"name":"loreto","@id":"https:\/\/loretovietnam.org\/#\/schema\/person\/bf6363d7e7ff05789a0428f6eb21fe7d"},"headline":"Celebrate the World Day of Social Justice on 20 February.","datePublished":"2019-02-19T19:32:01+00:00","dateModified":"2020-09-04T02:27:00+00:00","mainEntityOfPage":{"@id":"https:\/\/loretovietnam.org\/2019\/02\/20\/celebrate-the-world-day-of-social-justice-on-20-february\/"},"wordCount":127,"image":{"@id":"https:\/\/loretovietnam.org\/2019\/02\/20\/celebrate-the-world-day-of-social-justice-on-20-february\/#primaryimage"},"thumbnailUrl":"https:\/\/loretovietnam.org\/wp-content\/uploads\/2020\/09\/image.jpeg","articleSection":["News"],"inLanguage":"vi"},{"@type":"WebPage","@id":"https:\/\/loretovietnam.org\/2019\/02\/20\/celebrate-the-world-day-of-social-justice-on-20-february\/","url":"https:\/\/loretovietnam.org\/2019\/02\/20\/celebrate-the-world-day-of-social-justice-on-20-february\/","name":"Celebrate the World Day of Social Justice on 20 February. - Loreto Vietnam","isPartOf":{"@id":"https:\/\/loretovietnam.org\/#website"},"primaryImageOfPage":{"@id":"https:\/\/loretovietnam.org\/2019\/02\/20\/celebrate-the-world-day-of-social-justice-on-20-february\/#primaryimage"},"image":{"@id":"https:\/\/loretovietnam.org\/2019\/02\/20\/celebrate-the-world-day-of-social-justice-on-20-february\/#primaryimage"},"thumbnailUrl":"https:\/\/loretovietnam.org\/wp-content\/uploads\/2020\/09\/image.jpeg","datePublished":"2019-02-19T19:32:01+00:00","dateModified":"2020-09-04T02:27:00+00:00","author":{"@id":"https:\/\/loretovietnam.org\/#\/schema\/person\/bf6363d7e7ff05789a0428f6eb21fe7d"},"breadcrumb":{"@id":"https:\/\/loretovietnam.org\/2019\/02\/20\/celebrate-the-world-day-of-social-justice-on-20-february\/#breadcrumb"},"inLanguage":"vi","potentialAction":[{"@type":"ReadAction","target":["https:\/\/loretovietnam.org\/2019\/02\/20\/celebrate-the-world-day-of-social-justice-on-20-february\/"]}]},{"@type":"ImageObject","inLanguage":"vi","@id":"https:\/\/loretovietnam.org\/2019\/02\/20\/celebrate-the-world-day-of-social-justice-on-20-february\/#primaryimage","url":"https:\/\/loretovietnam.org\/wp-content\/uploads\/2020\/09\/image.jpeg","contentUrl":"https:\/\/loretovietnam.org\/wp-content\/uploads\/2020\/09\/image.jpeg","width":510,"height":340},{"@type":"BreadcrumbList","@id":"https:\/\/loretovietnam.org\/2019\/02\/20\/celebrate-the-world-day-of-social-justice-on-20-february\/#breadcrumb","itemListElement":[{"@type":"ListItem","position":1,"name":"Home","item":"https:\/\/loretovietnam.org\/"},{"@type":"ListItem","position":2,"name":"Celebrate the World Day of Social Justice on 20 February."}]},{"@type":"WebSite","@id":"https:\/\/loretovietnam.org\/#website","url":"https:\/\/loretovietnam.org\/","name":"Loreto Vietnam","description":"","potentialAction":[{"@type":"SearchAction","target":{"@type":"EntryPoint","urlTemplate":"https:\/\/loretovietnam.org\/?s={search_term_string}"},"query-input":{"@type":"PropertyValueSpecification","valueRequired":true,"valueName":"search_term_string"}}],"inLanguage":"vi"},{"@type":"Person","@id":"https:\/\/loretovietnam.org\/#\/schema\/person\/bf6363d7e7ff05789a0428f6eb21fe7d","name":"loreto","description":"Loreto2017","url":"https:\/\/loretovietnam.org\/vi\/author\/loreto\/"}]}},"_links":{"self":[{"href":"https:\/\/loretovietnam.org\/vi\/wp-json\/wp\/v2\/posts\/735","targetHints":{"allow":["GET"]}}],"collection":[{"href":"https:\/\/loretovietnam.org\/vi\/wp-json\/wp\/v2\/posts"}],"about":[{"href":"https:\/\/loretovietnam.org\/vi\/wp-json\/wp\/v2\/types\/post"}],"author":[{"embeddable":true,"href":"https:\/\/loretovietnam.org\/vi\/wp-json\/wp\/v2\/users\/1"}],"replies":[{"embeddable":true,"href":"https:\/\/loretovietnam.org\/vi\/wp-json\/wp\/v2\/comments?post=735"}],"version-history":[{"count":9,"href":"https:\/\/loretovietnam.org\/vi\/wp-json\/wp\/v2\/posts\/735\/revisions"}],"predecessor-version":[{"id":2146,"href":"https:\/\/loretovietnam.org\/vi\/wp-json\/wp\/v2\/posts\/735\/revisions\/2146"}],"wp:featuredmedia":[{"embeddable":true,"href":"https:\/\/loretovietnam.org\/vi\/wp-json\/wp\/v2\/media\/2147"}],"wp:attachment":[{"href":"https:\/\/loretovietnam.org\/vi\/wp-json\/wp\/v2\/media?parent=735"}],"wp:term":[{"taxonomy":"category","embeddable":true,"href":"https:\/\/loretovietnam.org\/vi\/wp-json\/wp\/v2\/categories?post=735"},{"taxonomy":"post_tag","embeddable":true,"href":"https:\/\/loretovietnam.org\/vi\/wp-json\/wp\/v2\/tags?post=735"}],"curies":[{"name":"wp","href":"https:\/\/api.w.org\/{rel}","templated":true}]}}